{"id":2011,"date":"2016-04-09T06:59:49","date_gmt":"2016-04-09T05:59:49","guid":{"rendered":"http:\/\/accompagnement-entreprise.fr\/commercial\/?p=2011"},"modified":"2018-09-20T08:18:48","modified_gmt":"2018-09-20T07:18:48","slug":"organisation-des-priorites","status":"publish","type":"post","link":"https:\/\/accompagnement-entreprise.fr\/commercial\/organisation-des-priorites\/","title":{"rendered":"Organisation des priorit\u00e9s"},"content":{"rendered":"<p style=\"text-align: justify;\">Pour une meilleure organisation, il est pr\u00e9f\u00e9rable de g\u00e9rer son temps par ordre de priorit\u00e9s. Cela \u00e9vite d&rsquo;affecter des t\u00e2ches non utiles imm\u00e9diatement ou de faire du \u00ab\u00a0je ferai \u00e7a demain\u00a0\u00bb pour les t\u00e2ches plus contraignantes. Pourquoi l&rsquo;individu\u00a0 procrastine<a href=\"http:\/\/accompagnement-entreprise.fr\/commercial\/wp-content\/uploads\/2016\/04\/gagner-du-temps.jpg\" rel=\"attachment wp-att-2010\"><img decoding=\"async\" loading=\"lazy\" class=\"wp-image-2010 alignright\" src=\"http:\/\/accompagnement-entreprise.fr\/commercial\/wp-content\/uploads\/2016\/04\/gagner-du-temps-300x258.jpg\" alt=\"gagner du temps\" width=\"315\" height=\"271\" srcset=\"https:\/\/accompagnement-entreprise.fr\/commercial\/wp-content\/uploads\/2016\/04\/gagner-du-temps-300x258.jpg 300w, https:\/\/accompagnement-entreprise.fr\/commercial\/wp-content\/uploads\/2016\/04\/gagner-du-temps.jpg 461w\" sizes=\"(max-width: 315px) 100vw, 315px\" \/><\/a> tout en sachant qu&rsquo;il est n\u00e9cessaire d&rsquo;agir?. Les priorit\u00e9s sont \u00e9videmment relatives \u00e0 la personne, elle seule sait ce qui est\u00a0 bien pour elle et l&rsquo;optimisation de son temps. Toutefois le temps passe trop vite pour le d\u00e9penser inutilement.<\/p>\n<p style=\"text-align: justify;\">Pour prioriser votre temps, utiliser la matrice ci-contre afin de hi\u00e9rarchiser les\u00a0 actions ou vos t\u00e2ches \u00e0 venir.<\/p>\n<p style=\"text-align: justify;\">De la m\u00eame mani\u00e8re, il est important de dissocier l&rsquo;information utile et celle qui est polluante pour nous. Cette information arrive, gr\u00e2ce aux technologies, en un flot discontinu\u00a0 qui a tendance \u00e0 nous parasiter. Abonnez-vous \u00e0 des flux qui vous apporte quelque choses refusez les sujets chronophages trop faciles, sans but pr\u00e9cis, qui vous remplissent d&rsquo;un rien absolu non-constructif sous couvert d&rsquo;id\u00e9es rapidement affich\u00e9es. Seule l&rsquo;information utile, vous apporte une construction structurante et vous fait avancer sur le chemin de la r\u00e9alisation.<\/p>\n<div style=\"padding-bottom:20px; padding-top:10px;\" class=\"hupso-share-buttons\"><!-- Hupso Share Buttons - https:\/\/www.hupso.com\/share\/ --><a class=\"hupso_toolbar\" href=\"https:\/\/www.hupso.com\/share\/\"><img src=\"https:\/\/static.hupso.com\/share\/buttons\/lang\/fr\/share-medium.png\" style=\"border:0px; padding-top: 5px; float:left;\" alt=\"Share Button\"\/><\/a><script type=\"text\/javascript\">var hupso_services_t=new Array(\"Twitter\",\"Facebook\",\"Linkedin\",\"Email\",\"Print\");var hupso_background_t=\"#EAF4FF\";var hupso_border_t=\"#66CCFF\";var hupso_toolbar_size_t=\"medium\";var hupso_image_folder_url = \"\";var hupso_url_t=\"\";var hupso_title_t=\"Organisation%20des%20priorit%C3%A9s\";<\/script><script type=\"text\/javascript\" src=\"https:\/\/static.hupso.com\/share\/js\/share_toolbar.js\"><\/script><!-- Hupso Share Buttons --><\/div>","protected":false},"excerpt":{"rendered":"<p>Pour une meilleure organisation, il est pr\u00e9f\u00e9rable de g\u00e9rer son temps par ordre de priorit\u00e9s. Cela \u00e9vite d&rsquo;affecter des t\u00e2ches non utiles imm\u00e9diatement ou de faire du \u00ab\u00a0je ferai \u00e7a&#8230;<\/p>\n<div style=\"padding-bottom:20px; padding-top:10px;\" class=\"hupso-share-buttons\"><!-- Hupso Share Buttons - https:\/\/www.hupso.com\/share\/ --><a class=\"hupso_toolbar\" href=\"https:\/\/www.hupso.com\/share\/\"><img src=\"https:\/\/static.hupso.com\/share\/buttons\/lang\/fr\/share-medium.png\" style=\"border:0px; padding-top: 5px; float:left;\" alt=\"Share Button\"\/><\/a><script type=\"text\/javascript\">var hupso_services_t=new Array(\"Twitter\",\"Facebook\",\"Linkedin\",\"Email\",\"Print\");var hupso_background_t=\"#EAF4FF\";var hupso_border_t=\"#66CCFF\";var hupso_toolbar_size_t=\"medium\";var hupso_image_folder_url = \"\";var hupso_url_t=\"\";var hupso_title_t=\"Organisation%20des%20priorit%C3%A9s\";<\/script><script type=\"text\/javascript\" src=\"https:\/\/static.hupso.com\/share\/js\/share_toolbar.js\"><\/script><!-- Hupso Share Buttons --><\/div>","protected":false},"author":1,"featured_media":0,"comment_status":"closed","ping_status":"closed","sticky":false,"template":"","format":"standard","meta":{"ngg_post_thumbnail":0},"categories":[10],"tags":[],"yoast_head":"<!-- This site is optimized with the Yoast SEO plugin v19.10 - https:\/\/yoast.com\/wordpress\/plugins\/seo\/ -->\n<title>Organisation des priorit\u00e9s - Ensemble pour r\u00e9ussir !<\/title>\n<meta name=\"robots\" content=\"index, follow, max-snippet:-1, max-image-preview:large, max-video-preview:-1\" \/>\n<link rel=\"canonical\" href=\"https:\/\/accompagnement-entreprise.fr\/commercial\/organisation-des-priorites\/\" \/>\n<meta property=\"og:locale\" content=\"fr_FR\" \/>\n<meta property=\"og:type\" content=\"article\" \/>\n<meta property=\"og:title\" content=\"Organisation des priorit\u00e9s - Ensemble pour r\u00e9ussir !\" \/>\n<meta property=\"og:description\" content=\"Pour une meilleure organisation, il est pr\u00e9f\u00e9rable de g\u00e9rer son temps par ordre de priorit\u00e9s. Cela \u00e9vite d&rsquo;affecter des t\u00e2ches non utiles imm\u00e9diatement ou de faire du \u00ab\u00a0je ferai \u00e7a&#8230;\" \/>\n<meta property=\"og:url\" content=\"https:\/\/accompagnement-entreprise.fr\/commercial\/organisation-des-priorites\/\" \/>\n<meta property=\"og:site_name\" content=\"Ensemble pour r\u00e9ussir !\" \/>\n<meta property=\"article:published_time\" content=\"2016-04-09T05:59:49+00:00\" \/>\n<meta property=\"article:modified_time\" content=\"2018-09-20T07:18:48+00:00\" \/>\n<meta property=\"og:image\" content=\"http:\/\/accompagnement-entreprise.fr\/commercial\/wp-content\/uploads\/2016\/04\/gagner-du-temps-300x258.jpg\" \/>\n<meta name=\"author\" content=\"Arnaud.S\" \/>\n<meta name=\"twitter:label1\" content=\"\u00c9crit par\" \/>\n\t<meta name=\"twitter:data1\" content=\"Arnaud.S\" \/>\n\t<meta name=\"twitter:label2\" content=\"Dur\u00e9e de lecture estim\u00e9e\" \/>\n\t<meta name=\"twitter:data2\" content=\"1 minute\" \/>\n<script type=\"application\/ld+json\" class=\"yoast-schema-graph\">{\"@context\":\"https:\/\/schema.org\",\"@graph\":[{\"@type\":\"WebPage\",\"@id\":\"https:\/\/accompagnement-entreprise.fr\/commercial\/organisation-des-priorites\/\",\"url\":\"https:\/\/accompagnement-entreprise.fr\/commercial\/organisation-des-priorites\/\",\"name\":\"Organisation des priorit\u00e9s - Ensemble pour r\u00e9ussir !\",\"isPartOf\":{\"@id\":\"https:\/\/accompagnement-entreprise.fr\/commercial\/#website\"},\"datePublished\":\"2016-04-09T05:59:49+00:00\",\"dateModified\":\"2018-09-20T07:18:48+00:00\",\"author\":{\"@id\":\"https:\/\/accompagnement-entreprise.fr\/commercial\/#\/schema\/person\/8a0b5ff46ef517356d2c45ed14edf55d\"},\"breadcrumb\":{\"@id\":\"https:\/\/accompagnement-entreprise.fr\/commercial\/organisation-des-priorites\/#breadcrumb\"},\"inLanguage\":\"fr-FR\",\"potentialAction\":[{\"@type\":\"ReadAction\",\"target\":[\"https:\/\/accompagnement-entreprise.fr\/commercial\/organisation-des-priorites\/\"]}]},{\"@type\":\"BreadcrumbList\",\"@id\":\"https:\/\/accompagnement-entreprise.fr\/commercial\/organisation-des-priorites\/#breadcrumb\",\"itemListElement\":[{\"@type\":\"ListItem\",\"position\":1,\"name\":\"Home\",\"item\":\"https:\/\/accompagnement-entreprise.fr\/commercial\/\"},{\"@type\":\"ListItem\",\"position\":2,\"name\":\"Organisation des priorit\u00e9s\"}]},{\"@type\":\"WebSite\",\"@id\":\"https:\/\/accompagnement-entreprise.fr\/commercial\/#website\",\"url\":\"https:\/\/accompagnement-entreprise.fr\/commercial\/\",\"name\":\"Ensemble pour r\u00e9ussir !\",\"description\":\"\",\"potentialAction\":[{\"@type\":\"SearchAction\",\"target\":{\"@type\":\"EntryPoint\",\"urlTemplate\":\"https:\/\/accompagnement-entreprise.fr\/commercial\/?s={search_term_string}\"},\"query-input\":\"required name=search_term_string\"}],\"inLanguage\":\"fr-FR\"},{\"@type\":\"Person\",\"@id\":\"https:\/\/accompagnement-entreprise.fr\/commercial\/#\/schema\/person\/8a0b5ff46ef517356d2c45ed14edf55d\",\"name\":\"Arnaud.S\",\"image\":{\"@type\":\"ImageObject\",\"inLanguage\":\"fr-FR\",\"@id\":\"https:\/\/accompagnement-entreprise.fr\/commercial\/#\/schema\/person\/image\/\",\"url\":\"https:\/\/secure.gravatar.com\/avatar\/530aeb6304091ff24f99e3bdec5daaaa?s=96&d=mm&r=g\",\"contentUrl\":\"https:\/\/secure.gravatar.com\/avatar\/530aeb6304091ff24f99e3bdec5daaaa?s=96&d=mm&r=g\",\"caption\":\"Arnaud.S\"},\"url\":\"https:\/\/accompagnement-entreprise.fr\/commercial\/author\/schtarns\/\"}]}<\/script>\n<!-- \/ Yoast SEO plugin. -->","yoast_head_json":{"title":"Organisation des priorit\u00e9s - Ensemble pour r\u00e9ussir !","robots":{"index":"index","follow":"follow","max-snippet":"max-snippet:-1","max-image-preview":"max-image-preview:large","max-video-preview":"max-video-preview:-1"},"canonical":"https:\/\/accompagnement-entreprise.fr\/commercial\/organisation-des-priorites\/","og_locale":"fr_FR","og_type":"article","og_title":"Organisation des priorit\u00e9s - Ensemble pour r\u00e9ussir !","og_description":"Pour une meilleure organisation, il est pr\u00e9f\u00e9rable de g\u00e9rer son temps par ordre de priorit\u00e9s. Cela \u00e9vite d&rsquo;affecter des t\u00e2ches non utiles imm\u00e9diatement ou de faire du \u00ab\u00a0je ferai \u00e7a&#8230;","og_url":"https:\/\/accompagnement-entreprise.fr\/commercial\/organisation-des-priorites\/","og_site_name":"Ensemble pour r\u00e9ussir !","article_published_time":"2016-04-09T05:59:49+00:00","article_modified_time":"2018-09-20T07:18:48+00:00","og_image":[{"url":"http:\/\/accompagnement-entreprise.fr\/commercial\/wp-content\/uploads\/2016\/04\/gagner-du-temps-300x258.jpg"}],"author":"Arnaud.S","twitter_misc":{"\u00c9crit par":"Arnaud.S","Dur\u00e9e de lecture estim\u00e9e":"1 minute"},"schema":{"@context":"https:\/\/schema.org","@graph":[{"@type":"WebPage","@id":"https:\/\/accompagnement-entreprise.fr\/commercial\/organisation-des-priorites\/","url":"https:\/\/accompagnement-entreprise.fr\/commercial\/organisation-des-priorites\/","name":"Organisation des priorit\u00e9s - Ensemble pour r\u00e9ussir !","isPartOf":{"@id":"https:\/\/accompagnement-entreprise.fr\/commercial\/#website"},"datePublished":"2016-04-09T05:59:49+00:00","dateModified":"2018-09-20T07:18:48+00:00","author":{"@id":"https:\/\/accompagnement-entreprise.fr\/commercial\/#\/schema\/person\/8a0b5ff46ef517356d2c45ed14edf55d"},"breadcrumb":{"@id":"https:\/\/accompagnement-entreprise.fr\/commercial\/organisation-des-priorites\/#breadcrumb"},"inLanguage":"fr-FR","potentialAction":[{"@type":"ReadAction","target":["https:\/\/accompagnement-entreprise.fr\/commercial\/organisation-des-priorites\/"]}]},{"@type":"BreadcrumbList","@id":"https:\/\/accompagnement-entreprise.fr\/commercial\/organisation-des-priorites\/#breadcrumb","itemListElement":[{"@type":"ListItem","position":1,"name":"Home","item":"https:\/\/accompagnement-entreprise.fr\/commercial\/"},{"@type":"ListItem","position":2,"name":"Organisation des priorit\u00e9s"}]},{"@type":"WebSite","@id":"https:\/\/accompagnement-entreprise.fr\/commercial\/#website","url":"https:\/\/accompagnement-entreprise.fr\/commercial\/","name":"Ensemble pour r\u00e9ussir !","description":"","potentialAction":[{"@type":"SearchAction","target":{"@type":"EntryPoint","urlTemplate":"https:\/\/accompagnement-entreprise.fr\/commercial\/?s={search_term_string}"},"query-input":"required name=search_term_string"}],"inLanguage":"fr-FR"},{"@type":"Person","@id":"https:\/\/accompagnement-entreprise.fr\/commercial\/#\/schema\/person\/8a0b5ff46ef517356d2c45ed14edf55d","name":"Arnaud.S","image":{"@type":"ImageObject","inLanguage":"fr-FR","@id":"https:\/\/accompagnement-entreprise.fr\/commercial\/#\/schema\/person\/image\/","url":"https:\/\/secure.gravatar.com\/avatar\/530aeb6304091ff24f99e3bdec5daaaa?s=96&d=mm&r=g","contentUrl":"https:\/\/secure.gravatar.com\/avatar\/530aeb6304091ff24f99e3bdec5daaaa?s=96&d=mm&r=g","caption":"Arnaud.S"},"url":"https:\/\/accompagnement-entreprise.fr\/commercial\/author\/schtarns\/"}]}},"_links":{"self":[{"href":"https:\/\/accompagnement-entreprise.fr\/commercial\/wp-json\/wp\/v2\/posts\/2011"}],"collection":[{"href":"https:\/\/accompagnement-entreprise.fr\/commercial\/wp-json\/wp\/v2\/posts"}],"about":[{"href":"https:\/\/accompagnement-entreprise.fr\/commercial\/wp-json\/wp\/v2\/types\/post"}],"author":[{"embeddable":true,"href":"https:\/\/accompagnement-entreprise.fr\/commercial\/wp-json\/wp\/v2\/users\/1"}],"replies":[{"embeddable":true,"href":"https:\/\/accompagnement-entreprise.fr\/commercial\/wp-json\/wp\/v2\/comments?post=2011"}],"version-history":[{"count":16,"href":"https:\/\/accompagnement-entreprise.fr\/commercial\/wp-json\/wp\/v2\/posts\/2011\/revisions"}],"predecessor-version":[{"id":2027,"href":"https:\/\/accompagnement-entreprise.fr\/commercial\/wp-json\/wp\/v2\/posts\/2011\/revisions\/2027"}],"wp:attachment":[{"href":"https:\/\/accompagnement-entreprise.fr\/commercial\/wp-json\/wp\/v2\/media?parent=2011"}],"wp:term":[{"taxonomy":"category","embeddable":true,"href":"https:\/\/accompagnement-entreprise.fr\/commercial\/wp-json\/wp\/v2\/categories?post=2011"},{"taxonomy":"post_tag","embeddable":true,"href":"https:\/\/accompagnement-entreprise.fr\/commercial\/wp-json\/wp\/v2\/tags?post=2011"}],"curies":[{"name":"wp","href":"https:\/\/api.w.org\/{rel}","templated":true}]}}