{"id":2031,"date":"2014-04-10T00:14:22","date_gmt":"2014-04-09T23:14:22","guid":{"rendered":"http:\/\/accompagnement-entreprise.fr\/commercial\/?p=2031"},"modified":"2022-11-16T09:14:45","modified_gmt":"2022-11-16T08:14:45","slug":"2031-2","status":"publish","type":"post","link":"https:\/\/accompagnement-entreprise.fr\/commercial\/2031-2\/","title":{"rendered":"Les questions pour r\u00e9ussir"},"content":{"rendered":"<div>\n<ul>\n<li>\n<div>\n<p><strong><span style=\"color: #3366ff;\">Les questions \u00e0 se poser:<\/span> <\/strong><\/p>\n<ul>\n<li><a title=\"D\u00e9finir son potentiel commercial\" href=\"https:\/\/accompagnement-entreprise.fr\/commercial\/le-potentiel-clients\/\">Connaissez vous votre potentiel client&nbsp;?<\/a><\/li>\n<li>Quels sont les m\u00e9dias les plus appropri\u00e9s ?<\/li>\n<li>Ma&nbsp; strat\u00e9gie&nbsp; est-elle r\u00e9ellement d\u00e9finie ?<\/li>\n<li>Ai-je les outils adapt\u00e9s \u00e0 ma structure ?<\/li>\n<li><a href=\"https:\/\/accompagnement-entreprise.fr\/commercial\/les_differents_contrats\/\">Les contrats types sont ils r\u00e9dig\u00e9s ?<\/a><\/li>\n<li><a href=\"https:\/\/accompagnement-entreprise.fr\/commercial\/reseau-de-distribution\/\">Quel r\u00e9seau de distribution vais-je favoriser&nbsp; ?<\/a><\/li>\n<li>Les objectifs sont-ils clairement d\u00e9finis ?<\/li>\n<li>Quelles sont les offres d\u00e9j\u00e0 pr\u00e9sentes&nbsp; ?<\/li>\n<li>Quels moyens consacrer&nbsp; pour trouver de nouveaux clients ?<\/li>\n<\/ul>\n<p>&nbsp;<\/p>\n<\/div>\n<\/li>\n<\/ul>\n<\/div>\n<p><span style=\"color: #3366ff;\"><strong>Qu&rsquo;est ce qui vous distingue des autres entreprises ? <\/strong><\/span><\/p>\n<p><span style=\"color: #3366ff;\"><strong>&nbsp;&nbsp;&nbsp;&nbsp;&nbsp;&nbsp;&nbsp;&nbsp;&nbsp;&nbsp;&nbsp;&nbsp;&nbsp;&nbsp;&nbsp;&nbsp;&nbsp;&nbsp;&nbsp;&nbsp;&nbsp;&nbsp;&nbsp;&nbsp;&nbsp;&nbsp;&nbsp;&nbsp; <a title=\"La valeur ajout\u00e9e\" href=\"http:\/\/accompagnement-entreprise.fr\/commercial\/valeur-ajoutee\/\"><span style=\"color: #ff6600;\"><span style=\"color: #ff0000;\">D\u00e9finissez votre valeur ajout\u00e9e.<\/span><\/span><\/a><\/strong><\/span><\/p>\n<figure id=\"attachment_581\" aria-describedby=\"caption-attachment-581\" style=\"width: 549px\" class=\"wp-caption alignnone\"><a title=\"La valeur ajout\u00e9e\" href=\" http:\/\/accompagnement-entreprise.fr\/commercial\/valeur-ajoutee\/\"><img decoding=\"async\" loading=\"lazy\" class=\"wp-image-581\" src=\"http:\/\/accompagnement-entreprise.fr\/commercial\/wp-content\/uploads\/2013\/10\/VA1.jpg\" alt=\"VA\" width=\"549\" height=\"279\"><\/a><figcaption id=\"caption-attachment-581\" class=\"wp-caption-text\">5 axes de valeur ajout\u00e9e<\/figcaption><\/figure>\n<div>&nbsp;<\/div>\n<div><b><span style=\"color: #3366ff;\">Les \u00e9l\u00e9ments importants pour une commercialisation efficace :<\/span> <\/b><\/div>\n<div>&nbsp;<\/div>\n<ul>\n<li>&#8211; La confiance<\/li>\n<li>&#8211; L\u2019empathie<\/li>\n<li>&#8211; L\u2019accroche<\/li>\n<li>&#8211; L\u2019entretien avec \u00e9coute active<\/li>\n<li>&#8211; Les questions ouvertes\/ferm\u00e9es<\/li>\n<li>&#8211; L\u2019argumentation commerciale<\/li>\n<li>&#8211;&nbsp; Ma\u00eetriser le \u2018non verbal\u2018<\/li>\n<li>&#8211;&nbsp; Satisfaire le client avec une offre adapt\u00e9e dans le temps<\/li>\n<li>&#8211; D\u00e9velopper l\u2019image, faire conna\u00eetre l\u2019entreprise et son activit\u00e9<\/li>\n<li>&#8211; Ma\u00eetriser les \u00e9volutions du march\u00e9 et \u00eatre r\u00e9actif<\/li>\n<li>&#8211; Disposer d\u2019une volont\u00e9 commerciale<\/li>\n<li><a href=\"https:\/\/accompagnement-entreprise.fr\/commercial\/reseau-de-distribution\/\">&#8211; Ma\u00eetriser les r\u00e9seaux de distribution<\/a><\/li>\n<\/ul>\n<p><strong><span style=\"color: #3366ff;\">Techniques de vente :<\/span><br \/>\n<\/strong><\/p>\n<ul>\n<li>&#8211; <a title=\"Pr\u00e9paration visite\" href=\"https:\/\/accompagnement-entreprise.fr\/ventes\/prepavisite.pdf\">Pr\u00e9paration des visites<\/a><\/li>\n<li>&#8211; <a title=\"Les points cl\u00e9s\" href=\"https:\/\/accompagnement-entreprise.fr\/ventes\/pointscles.pdf\">Les points cl\u00e9s<\/a><\/li>\n<li>&#8211; <a title=\"D\u00e9couverte du prospect \" href=\"https:\/\/accompagnement-entreprise.fr\/ventes\/decouverte.pdf\">D\u00e9couverte du prospect<\/a><\/li>\n<li>&#8211; <a title=\"Motivations et Soncas\" href=\"https:\/\/accompagnement-entreprise.fr\/ventes\/soncas.pdf\">Les motivations des clients ou SONCAS<\/a><\/li>\n<li>&#8211; <a title=\"Savoir n\u00e9gocier\" href=\"https:\/\/accompagnement-entreprise.fr\/ventes\/savoir_negocier.pdf\">Conseils pour savoir n\u00e9gocier&nbsp; <\/a><\/li>\n<li>&#8211;<a title=\"Les objections \" href=\"https:\/\/accompagnement-entreprise.fr\/ventes\/objections.pdf\"> Traitement des objections <\/a><\/li>\n<li>&#8211; <a title=\"D\u00e9fendre ses tarifs \" href=\"https:\/\/accompagnement-entreprise.fr\/ventes\/defense_du_prix.pdf\">D\u00e9fense du prix <\/a><\/li>\n<li>&#8211; <a title=\"Finaliser sa vente \" href=\"https:\/\/accompagnement-entreprise.fr\/ventes\/closing.pdf\">Techniques de closing<\/a><\/li>\n<\/ul>\n<div style=\"padding-bottom:20px; padding-top:10px;\" class=\"hupso-share-buttons\"><!-- Hupso Share Buttons - https:\/\/www.hupso.com\/share\/ --><a class=\"hupso_toolbar\" href=\"https:\/\/www.hupso.com\/share\/\"><img src=\"https:\/\/static.hupso.com\/share\/buttons\/lang\/fr\/share-medium.png\" style=\"border:0px; padding-top: 5px; float:left;\" alt=\"Share Button\"\/><\/a><script type=\"text\/javascript\">var hupso_services_t=new Array(\"Twitter\",\"Facebook\",\"Linkedin\",\"Email\",\"Print\");var hupso_background_t=\"#EAF4FF\";var hupso_border_t=\"#66CCFF\";var hupso_toolbar_size_t=\"medium\";var hupso_image_folder_url = \"\";var hupso_url_t=\"\";var hupso_title_t=\"Les%20questions%20pour%20r%C3%A9ussir\";<\/script><script type=\"text\/javascript\" src=\"https:\/\/static.hupso.com\/share\/js\/share_toolbar.js\"><\/script><!-- Hupso Share Buttons --><\/div>","protected":false},"excerpt":{"rendered":"<p>Les questions \u00e0 se poser: Connaissez vous votre potentiel client&nbsp;? Quels sont les m\u00e9dias les plus appropri\u00e9s ? Ma&nbsp; strat\u00e9gie&nbsp; est-elle r\u00e9ellement d\u00e9finie ? Ai-je les outils adapt\u00e9s \u00e0 ma&#8230;<\/p>\n<div style=\"padding-bottom:20px; padding-top:10px;\" class=\"hupso-share-buttons\"><!-- Hupso Share Buttons - https:\/\/www.hupso.com\/share\/ --><a class=\"hupso_toolbar\" href=\"https:\/\/www.hupso.com\/share\/\"><img src=\"https:\/\/static.hupso.com\/share\/buttons\/lang\/fr\/share-medium.png\" style=\"border:0px; padding-top: 5px; float:left;\" alt=\"Share Button\"\/><\/a><script type=\"text\/javascript\">var hupso_services_t=new Array(\"Twitter\",\"Facebook\",\"Linkedin\",\"Email\",\"Print\");var hupso_background_t=\"#EAF4FF\";var hupso_border_t=\"#66CCFF\";var hupso_toolbar_size_t=\"medium\";var hupso_image_folder_url = \"\";var hupso_url_t=\"\";var hupso_title_t=\"Les%20questions%20pour%20r%C3%A9ussir\";<\/script><script type=\"text\/javascript\" src=\"https:\/\/static.hupso.com\/share\/js\/share_toolbar.js\"><\/script><!-- Hupso Share Buttons --><\/div>","protected":false},"author":1,"featured_media":0,"comment_status":"closed","ping_status":"closed","sticky":false,"template":"","format":"standard","meta":{"ngg_post_thumbnail":0},"categories":[5],"tags":[],"yoast_head":"<!-- This site is optimized with the Yoast SEO plugin v19.10 - https:\/\/yoast.com\/wordpress\/plugins\/seo\/ -->\n<title>Les questions pour r\u00e9ussir - Ensemble pour r\u00e9ussir !<\/title>\n<meta name=\"robots\" content=\"index, follow, max-snippet:-1, max-image-preview:large, max-video-preview:-1\" \/>\n<link rel=\"canonical\" href=\"https:\/\/accompagnement-entreprise.fr\/commercial\/2031-2\/\" \/>\n<meta property=\"og:locale\" content=\"fr_FR\" \/>\n<meta property=\"og:type\" content=\"article\" \/>\n<meta property=\"og:title\" content=\"Les questions pour r\u00e9ussir - Ensemble pour r\u00e9ussir !\" \/>\n<meta property=\"og:description\" content=\"Les questions \u00e0 se poser: Connaissez vous votre potentiel client&nbsp;? Quels sont les m\u00e9dias les plus appropri\u00e9s ? Ma&nbsp; strat\u00e9gie&nbsp; est-elle r\u00e9ellement d\u00e9finie ? Ai-je les outils adapt\u00e9s \u00e0 ma&#8230;\" \/>\n<meta property=\"og:url\" content=\"https:\/\/accompagnement-entreprise.fr\/commercial\/2031-2\/\" \/>\n<meta property=\"og:site_name\" content=\"Ensemble pour r\u00e9ussir !\" \/>\n<meta property=\"article:published_time\" content=\"2014-04-09T23:14:22+00:00\" \/>\n<meta property=\"article:modified_time\" content=\"2022-11-16T08:14:45+00:00\" \/>\n<meta property=\"og:image\" content=\"http:\/\/accompagnement-entreprise.fr\/commercial\/wp-content\/uploads\/2013\/10\/VA1.jpg\" \/>\n<meta name=\"author\" content=\"Arnaud.S\" \/>\n<meta name=\"twitter:label1\" content=\"\u00c9crit par\" \/>\n\t<meta name=\"twitter:data1\" content=\"Arnaud.S\" \/>\n\t<meta name=\"twitter:label2\" content=\"Dur\u00e9e de lecture estim\u00e9e\" \/>\n\t<meta name=\"twitter:data2\" content=\"2 minutes\" \/>\n<script type=\"application\/ld+json\" class=\"yoast-schema-graph\">{\"@context\":\"https:\/\/schema.org\",\"@graph\":[{\"@type\":\"WebPage\",\"@id\":\"https:\/\/accompagnement-entreprise.fr\/commercial\/2031-2\/\",\"url\":\"https:\/\/accompagnement-entreprise.fr\/commercial\/2031-2\/\",\"name\":\"Les questions pour r\u00e9ussir - Ensemble pour r\u00e9ussir !\",\"isPartOf\":{\"@id\":\"https:\/\/accompagnement-entreprise.fr\/commercial\/#website\"},\"datePublished\":\"2014-04-09T23:14:22+00:00\",\"dateModified\":\"2022-11-16T08:14:45+00:00\",\"author\":{\"@id\":\"https:\/\/accompagnement-entreprise.fr\/commercial\/#\/schema\/person\/8a0b5ff46ef517356d2c45ed14edf55d\"},\"breadcrumb\":{\"@id\":\"https:\/\/accompagnement-entreprise.fr\/commercial\/2031-2\/#breadcrumb\"},\"inLanguage\":\"fr-FR\",\"potentialAction\":[{\"@type\":\"ReadAction\",\"target\":[\"https:\/\/accompagnement-entreprise.fr\/commercial\/2031-2\/\"]}]},{\"@type\":\"BreadcrumbList\",\"@id\":\"https:\/\/accompagnement-entreprise.fr\/commercial\/2031-2\/#breadcrumb\",\"itemListElement\":[{\"@type\":\"ListItem\",\"position\":1,\"name\":\"Home\",\"item\":\"https:\/\/accompagnement-entreprise.fr\/commercial\/\"},{\"@type\":\"ListItem\",\"position\":2,\"name\":\"Les questions pour r\u00e9ussir\"}]},{\"@type\":\"WebSite\",\"@id\":\"https:\/\/accompagnement-entreprise.fr\/commercial\/#website\",\"url\":\"https:\/\/accompagnement-entreprise.fr\/commercial\/\",\"name\":\"Ensemble pour r\u00e9ussir !\",\"description\":\"\",\"potentialAction\":[{\"@type\":\"SearchAction\",\"target\":{\"@type\":\"EntryPoint\",\"urlTemplate\":\"https:\/\/accompagnement-entreprise.fr\/commercial\/?s={search_term_string}\"},\"query-input\":\"required name=search_term_string\"}],\"inLanguage\":\"fr-FR\"},{\"@type\":\"Person\",\"@id\":\"https:\/\/accompagnement-entreprise.fr\/commercial\/#\/schema\/person\/8a0b5ff46ef517356d2c45ed14edf55d\",\"name\":\"Arnaud.S\",\"image\":{\"@type\":\"ImageObject\",\"inLanguage\":\"fr-FR\",\"@id\":\"https:\/\/accompagnement-entreprise.fr\/commercial\/#\/schema\/person\/image\/\",\"url\":\"https:\/\/secure.gravatar.com\/avatar\/530aeb6304091ff24f99e3bdec5daaaa?s=96&d=mm&r=g\",\"contentUrl\":\"https:\/\/secure.gravatar.com\/avatar\/530aeb6304091ff24f99e3bdec5daaaa?s=96&d=mm&r=g\",\"caption\":\"Arnaud.S\"},\"url\":\"https:\/\/accompagnement-entreprise.fr\/commercial\/author\/schtarns\/\"}]}<\/script>\n<!-- \/ Yoast SEO plugin. -->","yoast_head_json":{"title":"Les questions pour r\u00e9ussir - Ensemble pour r\u00e9ussir !","robots":{"index":"index","follow":"follow","max-snippet":"max-snippet:-1","max-image-preview":"max-image-preview:large","max-video-preview":"max-video-preview:-1"},"canonical":"https:\/\/accompagnement-entreprise.fr\/commercial\/2031-2\/","og_locale":"fr_FR","og_type":"article","og_title":"Les questions pour r\u00e9ussir - Ensemble pour r\u00e9ussir !","og_description":"Les questions \u00e0 se poser: Connaissez vous votre potentiel client&nbsp;? Quels sont les m\u00e9dias les plus appropri\u00e9s ? Ma&nbsp; strat\u00e9gie&nbsp; est-elle r\u00e9ellement d\u00e9finie ? Ai-je les outils adapt\u00e9s \u00e0 ma&#8230;","og_url":"https:\/\/accompagnement-entreprise.fr\/commercial\/2031-2\/","og_site_name":"Ensemble pour r\u00e9ussir !","article_published_time":"2014-04-09T23:14:22+00:00","article_modified_time":"2022-11-16T08:14:45+00:00","og_image":[{"url":"http:\/\/accompagnement-entreprise.fr\/commercial\/wp-content\/uploads\/2013\/10\/VA1.jpg"}],"author":"Arnaud.S","twitter_misc":{"\u00c9crit par":"Arnaud.S","Dur\u00e9e de lecture estim\u00e9e":"2 minutes"},"schema":{"@context":"https:\/\/schema.org","@graph":[{"@type":"WebPage","@id":"https:\/\/accompagnement-entreprise.fr\/commercial\/2031-2\/","url":"https:\/\/accompagnement-entreprise.fr\/commercial\/2031-2\/","name":"Les questions pour r\u00e9ussir - Ensemble pour r\u00e9ussir !","isPartOf":{"@id":"https:\/\/accompagnement-entreprise.fr\/commercial\/#website"},"datePublished":"2014-04-09T23:14:22+00:00","dateModified":"2022-11-16T08:14:45+00:00","author":{"@id":"https:\/\/accompagnement-entreprise.fr\/commercial\/#\/schema\/person\/8a0b5ff46ef517356d2c45ed14edf55d"},"breadcrumb":{"@id":"https:\/\/accompagnement-entreprise.fr\/commercial\/2031-2\/#breadcrumb"},"inLanguage":"fr-FR","potentialAction":[{"@type":"ReadAction","target":["https:\/\/accompagnement-entreprise.fr\/commercial\/2031-2\/"]}]},{"@type":"BreadcrumbList","@id":"https:\/\/accompagnement-entreprise.fr\/commercial\/2031-2\/#breadcrumb","itemListElement":[{"@type":"ListItem","position":1,"name":"Home","item":"https:\/\/accompagnement-entreprise.fr\/commercial\/"},{"@type":"ListItem","position":2,"name":"Les questions pour r\u00e9ussir"}]},{"@type":"WebSite","@id":"https:\/\/accompagnement-entreprise.fr\/commercial\/#website","url":"https:\/\/accompagnement-entreprise.fr\/commercial\/","name":"Ensemble pour r\u00e9ussir !","description":"","potentialAction":[{"@type":"SearchAction","target":{"@type":"EntryPoint","urlTemplate":"https:\/\/accompagnement-entreprise.fr\/commercial\/?s={search_term_string}"},"query-input":"required name=search_term_string"}],"inLanguage":"fr-FR"},{"@type":"Person","@id":"https:\/\/accompagnement-entreprise.fr\/commercial\/#\/schema\/person\/8a0b5ff46ef517356d2c45ed14edf55d","name":"Arnaud.S","image":{"@type":"ImageObject","inLanguage":"fr-FR","@id":"https:\/\/accompagnement-entreprise.fr\/commercial\/#\/schema\/person\/image\/","url":"https:\/\/secure.gravatar.com\/avatar\/530aeb6304091ff24f99e3bdec5daaaa?s=96&d=mm&r=g","contentUrl":"https:\/\/secure.gravatar.com\/avatar\/530aeb6304091ff24f99e3bdec5daaaa?s=96&d=mm&r=g","caption":"Arnaud.S"},"url":"https:\/\/accompagnement-entreprise.fr\/commercial\/author\/schtarns\/"}]}},"_links":{"self":[{"href":"https:\/\/accompagnement-entreprise.fr\/commercial\/wp-json\/wp\/v2\/posts\/2031"}],"collection":[{"href":"https:\/\/accompagnement-entreprise.fr\/commercial\/wp-json\/wp\/v2\/posts"}],"about":[{"href":"https:\/\/accompagnement-entreprise.fr\/commercial\/wp-json\/wp\/v2\/types\/post"}],"author":[{"embeddable":true,"href":"https:\/\/accompagnement-entreprise.fr\/commercial\/wp-json\/wp\/v2\/users\/1"}],"replies":[{"embeddable":true,"href":"https:\/\/accompagnement-entreprise.fr\/commercial\/wp-json\/wp\/v2\/comments?post=2031"}],"version-history":[{"count":3,"href":"https:\/\/accompagnement-entreprise.fr\/commercial\/wp-json\/wp\/v2\/posts\/2031\/revisions"}],"predecessor-version":[{"id":2235,"href":"https:\/\/accompagnement-entreprise.fr\/commercial\/wp-json\/wp\/v2\/posts\/2031\/revisions\/2235"}],"wp:attachment":[{"href":"https:\/\/accompagnement-entreprise.fr\/commercial\/wp-json\/wp\/v2\/media?parent=2031"}],"wp:term":[{"taxonomy":"category","embeddable":true,"href":"https:\/\/accompagnement-entreprise.fr\/commercial\/wp-json\/wp\/v2\/categories?post=2031"},{"taxonomy":"post_tag","embeddable":true,"href":"https:\/\/accompagnement-entreprise.fr\/commercial\/wp-json\/wp\/v2\/tags?post=2031"}],"curies":[{"name":"wp","href":"https:\/\/api.w.org\/{rel}","templated":true}]}}