{"id":774,"date":"2013-10-30T17:29:59","date_gmt":"2013-10-30T16:29:59","guid":{"rendered":"http:\/\/marketing-commercial.eu\/?p=774"},"modified":"2022-11-16T09:31:03","modified_gmt":"2022-11-16T08:31:03","slug":"valeur-ajoutee","status":"publish","type":"post","link":"https:\/\/accompagnement-entreprise.fr\/commercial\/valeur-ajoutee\/","title":{"rendered":"La valeur ajout\u00e9e"},"content":{"rendered":"<p style=\"text-align: justify;\">La valeur ajout\u00e9e correspond au b\u00e9n\u00e9fice client qu&rsquo;une soci\u00e9t\u00e9 ou un individu met en place pour se distinguer de ses concurrents.<\/p>\n<p style=\"text-align: justify;\">Exemple: si un grossiste informatique commercialise des produits \u00e0 des distributeurs et ne fait que cela, c&rsquo;est de l&rsquo;achat revente. la valeur ajout\u00e9e est r\u00e9duite, il n&rsquo;y a pas de conseil. En revanche si un grossiste informatique vend des produits un peu plus chers que ses concurrents mais qu&rsquo;il cr\u00e9\u00e9 des p\u00f4les de conseil avant vente, il met en place une aide \u00e0 la commercialisation et \u00e0 la validation technique pour ses distributeurs. &nbsp; Cela entraine une forte valeur ajout\u00e9e qui favorise l&rsquo;apport technique et commercial dans le processus de vente du distributeur. Le grossiste&nbsp;ne vend pas seulement mais apporte des \u00e9l\u00e9ments techniques et commerciaux qui enrichissent les comp\u00e9tences du distributeur et s\u00e9curisent l&rsquo;utilisateur final.<\/p>\n<p style=\"text-align: justify;\">La valeur ajout\u00e9e peut \u00eatre cr\u00e9\u00e9e dans plein de domaine, il suffit de penser diff\u00e9remment, de rajouter un \u00e9l\u00e9ment \u00e0 la couche de d\u00e9part, cela doit se caract\u00e9riser par un b\u00e9n\u00e9fice client, de faire gagner par exemple du temps dans la mise en place d&rsquo;un produit, de rendre un produit technique facile d&rsquo;utilisation, d&rsquo;apporter une lisibilit\u00e9 \u00e0 des informations complexes ou de donner \u00e0 une mati\u00e8re premi\u00e8re, bois, pierre, objet recycl\u00e9 une dimension \u00e9motionnelle ou utilitaire. Elle peut se faire par rapport aux produits,&nbsp; au niveau de service,&nbsp; aux tarifs,&nbsp; \u00e0 l&rsquo;exp\u00e9rience, au savoir faire, \u00e0 l&rsquo;expertise, \u00e0 la cr\u00e9ativit\u00e9, etc&#8230; .&nbsp; Pensez b\u00e9n\u00e9fice client !<\/p>\n<p style=\"text-align: justify;\"><a title=\"La valeur ajout\u00e9e\" href=\" http:\/\/accompagnement-entreprise.fr\/commercial\/valeur-ajoutee\/\"><img decoding=\"async\" loading=\"lazy\" class=\"wp-image-581\" src=\"http:\/\/accompagnement-entreprise.fr\/commercial\/wp-content\/uploads\/2013\/10\/VA1.jpg\" alt=\"VA\" width=\"549\" height=\"279\"><\/a><\/p>\n<p style=\"text-align: justify;\">&nbsp;<\/p>\n<div style=\"padding-bottom:20px; padding-top:10px;\" class=\"hupso-share-buttons\"><!-- Hupso Share Buttons - https:\/\/www.hupso.com\/share\/ --><a class=\"hupso_toolbar\" href=\"https:\/\/www.hupso.com\/share\/\"><img src=\"https:\/\/static.hupso.com\/share\/buttons\/lang\/fr\/share-medium.png\" style=\"border:0px; padding-top: 5px; float:left;\" alt=\"Share Button\"\/><\/a><script type=\"text\/javascript\">var hupso_services_t=new Array(\"Twitter\",\"Facebook\",\"Linkedin\",\"Email\",\"Print\");var hupso_background_t=\"#EAF4FF\";var hupso_border_t=\"#66CCFF\";var hupso_toolbar_size_t=\"medium\";var hupso_image_folder_url = \"\";var hupso_url_t=\"\";var hupso_title_t=\"La%20valeur%20ajout%C3%A9e\";<\/script><script type=\"text\/javascript\" src=\"https:\/\/static.hupso.com\/share\/js\/share_toolbar.js\"><\/script><!-- Hupso Share Buttons --><\/div>","protected":false},"excerpt":{"rendered":"<p>La valeur ajout\u00e9e correspond au b\u00e9n\u00e9fice client qu&rsquo;une soci\u00e9t\u00e9 ou un individu met en place pour se distinguer de ses concurrents. Exemple: si un grossiste informatique commercialise des produits \u00e0&#8230;<\/p>\n<div style=\"padding-bottom:20px; padding-top:10px;\" class=\"hupso-share-buttons\"><!-- Hupso Share Buttons - https:\/\/www.hupso.com\/share\/ --><a class=\"hupso_toolbar\" href=\"https:\/\/www.hupso.com\/share\/\"><img src=\"https:\/\/static.hupso.com\/share\/buttons\/lang\/fr\/share-medium.png\" style=\"border:0px; padding-top: 5px; float:left;\" alt=\"Share Button\"\/><\/a><script type=\"text\/javascript\">var hupso_services_t=new Array(\"Twitter\",\"Facebook\",\"Linkedin\",\"Email\",\"Print\");var hupso_background_t=\"#EAF4FF\";var hupso_border_t=\"#66CCFF\";var hupso_toolbar_size_t=\"medium\";var hupso_image_folder_url = \"\";var hupso_url_t=\"\";var hupso_title_t=\"La%20valeur%20ajout%C3%A9e\";<\/script><script type=\"text\/javascript\" src=\"https:\/\/static.hupso.com\/share\/js\/share_toolbar.js\"><\/script><!-- Hupso Share Buttons --><\/div>","protected":false},"author":1,"featured_media":0,"comment_status":"closed","ping_status":"closed","sticky":false,"template":"","format":"standard","meta":{"ngg_post_thumbnail":0},"categories":[10],"tags":[14],"yoast_head":"<!-- This site is optimized with the Yoast SEO plugin v19.10 - https:\/\/yoast.com\/wordpress\/plugins\/seo\/ -->\n<title>valeur ajout\u00e9e et b\u00e9n\u00e9fices clients<\/title>\n<meta name=\"description\" content=\"La valeur ajout\u00e9e correspond au b\u00e9n\u00e9fice client qu&#039;une soci\u00e9t\u00e9 ou un individu met en place pour se distinguer de ses concurrents.\" \/>\n<meta name=\"robots\" content=\"index, follow, max-snippet:-1, max-image-preview:large, max-video-preview:-1\" \/>\n<link rel=\"canonical\" href=\"https:\/\/accompagnement-entreprise.fr\/commercial\/valeur-ajoutee\/\" \/>\n<meta property=\"og:locale\" content=\"fr_FR\" \/>\n<meta property=\"og:type\" content=\"article\" \/>\n<meta property=\"og:title\" content=\"valeur ajout\u00e9e et b\u00e9n\u00e9fices clients\" \/>\n<meta property=\"og:description\" content=\"La valeur ajout\u00e9e correspond au b\u00e9n\u00e9fice client qu&#039;une soci\u00e9t\u00e9 ou un individu met en place pour se distinguer de ses concurrents.\" \/>\n<meta property=\"og:url\" content=\"https:\/\/accompagnement-entreprise.fr\/commercial\/valeur-ajoutee\/\" \/>\n<meta property=\"og:site_name\" content=\"Ensemble pour r\u00e9ussir !\" \/>\n<meta property=\"article:published_time\" content=\"2013-10-30T16:29:59+00:00\" \/>\n<meta property=\"article:modified_time\" content=\"2022-11-16T08:31:03+00:00\" \/>\n<meta property=\"og:image\" content=\"http:\/\/accompagnement-entreprise.fr\/commercial\/wp-content\/uploads\/2013\/10\/VA1.jpg\" \/>\n<meta name=\"author\" content=\"Arnaud.S\" \/>\n<meta name=\"twitter:label1\" content=\"\u00c9crit par\" \/>\n\t<meta name=\"twitter:data1\" content=\"Arnaud.S\" \/>\n\t<meta name=\"twitter:label2\" content=\"Dur\u00e9e de lecture estim\u00e9e\" \/>\n\t<meta name=\"twitter:data2\" content=\"2 minutes\" \/>\n<script type=\"application\/ld+json\" class=\"yoast-schema-graph\">{\"@context\":\"https:\/\/schema.org\",\"@graph\":[{\"@type\":\"WebPage\",\"@id\":\"https:\/\/accompagnement-entreprise.fr\/commercial\/valeur-ajoutee\/\",\"url\":\"https:\/\/accompagnement-entreprise.fr\/commercial\/valeur-ajoutee\/\",\"name\":\"valeur ajout\u00e9e et b\u00e9n\u00e9fices clients\",\"isPartOf\":{\"@id\":\"https:\/\/accompagnement-entreprise.fr\/commercial\/#website\"},\"datePublished\":\"2013-10-30T16:29:59+00:00\",\"dateModified\":\"2022-11-16T08:31:03+00:00\",\"author\":{\"@id\":\"https:\/\/accompagnement-entreprise.fr\/commercial\/#\/schema\/person\/8a0b5ff46ef517356d2c45ed14edf55d\"},\"description\":\"La valeur ajout\u00e9e correspond au b\u00e9n\u00e9fice client qu'une soci\u00e9t\u00e9 ou un individu met en place pour se distinguer de ses concurrents.\",\"breadcrumb\":{\"@id\":\"https:\/\/accompagnement-entreprise.fr\/commercial\/valeur-ajoutee\/#breadcrumb\"},\"inLanguage\":\"fr-FR\",\"potentialAction\":[{\"@type\":\"ReadAction\",\"target\":[\"https:\/\/accompagnement-entreprise.fr\/commercial\/valeur-ajoutee\/\"]}]},{\"@type\":\"BreadcrumbList\",\"@id\":\"https:\/\/accompagnement-entreprise.fr\/commercial\/valeur-ajoutee\/#breadcrumb\",\"itemListElement\":[{\"@type\":\"ListItem\",\"position\":1,\"name\":\"Home\",\"item\":\"https:\/\/accompagnement-entreprise.fr\/commercial\/\"},{\"@type\":\"ListItem\",\"position\":2,\"name\":\"La valeur ajout\u00e9e\"}]},{\"@type\":\"WebSite\",\"@id\":\"https:\/\/accompagnement-entreprise.fr\/commercial\/#website\",\"url\":\"https:\/\/accompagnement-entreprise.fr\/commercial\/\",\"name\":\"Ensemble pour r\u00e9ussir !\",\"description\":\"\",\"potentialAction\":[{\"@type\":\"SearchAction\",\"target\":{\"@type\":\"EntryPoint\",\"urlTemplate\":\"https:\/\/accompagnement-entreprise.fr\/commercial\/?s={search_term_string}\"},\"query-input\":\"required name=search_term_string\"}],\"inLanguage\":\"fr-FR\"},{\"@type\":\"Person\",\"@id\":\"https:\/\/accompagnement-entreprise.fr\/commercial\/#\/schema\/person\/8a0b5ff46ef517356d2c45ed14edf55d\",\"name\":\"Arnaud.S\",\"image\":{\"@type\":\"ImageObject\",\"inLanguage\":\"fr-FR\",\"@id\":\"https:\/\/accompagnement-entreprise.fr\/commercial\/#\/schema\/person\/image\/\",\"url\":\"https:\/\/secure.gravatar.com\/avatar\/530aeb6304091ff24f99e3bdec5daaaa?s=96&d=mm&r=g\",\"contentUrl\":\"https:\/\/secure.gravatar.com\/avatar\/530aeb6304091ff24f99e3bdec5daaaa?s=96&d=mm&r=g\",\"caption\":\"Arnaud.S\"},\"url\":\"https:\/\/accompagnement-entreprise.fr\/commercial\/author\/schtarns\/\"}]}<\/script>\n<!-- \/ Yoast SEO plugin. -->","yoast_head_json":{"title":"valeur ajout\u00e9e et b\u00e9n\u00e9fices clients","description":"La valeur ajout\u00e9e correspond au b\u00e9n\u00e9fice client qu'une soci\u00e9t\u00e9 ou un individu met en place pour se distinguer de ses concurrents.","robots":{"index":"index","follow":"follow","max-snippet":"max-snippet:-1","max-image-preview":"max-image-preview:large","max-video-preview":"max-video-preview:-1"},"canonical":"https:\/\/accompagnement-entreprise.fr\/commercial\/valeur-ajoutee\/","og_locale":"fr_FR","og_type":"article","og_title":"valeur ajout\u00e9e et b\u00e9n\u00e9fices clients","og_description":"La valeur ajout\u00e9e correspond au b\u00e9n\u00e9fice client qu'une soci\u00e9t\u00e9 ou un individu met en place pour se distinguer de ses concurrents.","og_url":"https:\/\/accompagnement-entreprise.fr\/commercial\/valeur-ajoutee\/","og_site_name":"Ensemble pour r\u00e9ussir !","article_published_time":"2013-10-30T16:29:59+00:00","article_modified_time":"2022-11-16T08:31:03+00:00","og_image":[{"url":"http:\/\/accompagnement-entreprise.fr\/commercial\/wp-content\/uploads\/2013\/10\/VA1.jpg"}],"author":"Arnaud.S","twitter_misc":{"\u00c9crit par":"Arnaud.S","Dur\u00e9e de lecture estim\u00e9e":"2 minutes"},"schema":{"@context":"https:\/\/schema.org","@graph":[{"@type":"WebPage","@id":"https:\/\/accompagnement-entreprise.fr\/commercial\/valeur-ajoutee\/","url":"https:\/\/accompagnement-entreprise.fr\/commercial\/valeur-ajoutee\/","name":"valeur ajout\u00e9e et b\u00e9n\u00e9fices clients","isPartOf":{"@id":"https:\/\/accompagnement-entreprise.fr\/commercial\/#website"},"datePublished":"2013-10-30T16:29:59+00:00","dateModified":"2022-11-16T08:31:03+00:00","author":{"@id":"https:\/\/accompagnement-entreprise.fr\/commercial\/#\/schema\/person\/8a0b5ff46ef517356d2c45ed14edf55d"},"description":"La valeur ajout\u00e9e correspond au b\u00e9n\u00e9fice client qu'une soci\u00e9t\u00e9 ou un individu met en place pour se distinguer de ses concurrents.","breadcrumb":{"@id":"https:\/\/accompagnement-entreprise.fr\/commercial\/valeur-ajoutee\/#breadcrumb"},"inLanguage":"fr-FR","potentialAction":[{"@type":"ReadAction","target":["https:\/\/accompagnement-entreprise.fr\/commercial\/valeur-ajoutee\/"]}]},{"@type":"BreadcrumbList","@id":"https:\/\/accompagnement-entreprise.fr\/commercial\/valeur-ajoutee\/#breadcrumb","itemListElement":[{"@type":"ListItem","position":1,"name":"Home","item":"https:\/\/accompagnement-entreprise.fr\/commercial\/"},{"@type":"ListItem","position":2,"name":"La valeur ajout\u00e9e"}]},{"@type":"WebSite","@id":"https:\/\/accompagnement-entreprise.fr\/commercial\/#website","url":"https:\/\/accompagnement-entreprise.fr\/commercial\/","name":"Ensemble pour r\u00e9ussir !","description":"","potentialAction":[{"@type":"SearchAction","target":{"@type":"EntryPoint","urlTemplate":"https:\/\/accompagnement-entreprise.fr\/commercial\/?s={search_term_string}"},"query-input":"required name=search_term_string"}],"inLanguage":"fr-FR"},{"@type":"Person","@id":"https:\/\/accompagnement-entreprise.fr\/commercial\/#\/schema\/person\/8a0b5ff46ef517356d2c45ed14edf55d","name":"Arnaud.S","image":{"@type":"ImageObject","inLanguage":"fr-FR","@id":"https:\/\/accompagnement-entreprise.fr\/commercial\/#\/schema\/person\/image\/","url":"https:\/\/secure.gravatar.com\/avatar\/530aeb6304091ff24f99e3bdec5daaaa?s=96&d=mm&r=g","contentUrl":"https:\/\/secure.gravatar.com\/avatar\/530aeb6304091ff24f99e3bdec5daaaa?s=96&d=mm&r=g","caption":"Arnaud.S"},"url":"https:\/\/accompagnement-entreprise.fr\/commercial\/author\/schtarns\/"}]}},"_links":{"self":[{"href":"https:\/\/accompagnement-entreprise.fr\/commercial\/wp-json\/wp\/v2\/posts\/774"}],"collection":[{"href":"https:\/\/accompagnement-entreprise.fr\/commercial\/wp-json\/wp\/v2\/posts"}],"about":[{"href":"https:\/\/accompagnement-entreprise.fr\/commercial\/wp-json\/wp\/v2\/types\/post"}],"author":[{"embeddable":true,"href":"https:\/\/accompagnement-entreprise.fr\/commercial\/wp-json\/wp\/v2\/users\/1"}],"replies":[{"embeddable":true,"href":"https:\/\/accompagnement-entreprise.fr\/commercial\/wp-json\/wp\/v2\/comments?post=774"}],"version-history":[{"count":2,"href":"https:\/\/accompagnement-entreprise.fr\/commercial\/wp-json\/wp\/v2\/posts\/774\/revisions"}],"predecessor-version":[{"id":2242,"href":"https:\/\/accompagnement-entreprise.fr\/commercial\/wp-json\/wp\/v2\/posts\/774\/revisions\/2242"}],"wp:attachment":[{"href":"https:\/\/accompagnement-entreprise.fr\/commercial\/wp-json\/wp\/v2\/media?parent=774"}],"wp:term":[{"taxonomy":"category","embeddable":true,"href":"https:\/\/accompagnement-entreprise.fr\/commercial\/wp-json\/wp\/v2\/categories?post=774"},{"taxonomy":"post_tag","embeddable":true,"href":"https:\/\/accompagnement-entreprise.fr\/commercial\/wp-json\/wp\/v2\/tags?post=774"}],"curies":[{"name":"wp","href":"https:\/\/api.w.org\/{rel}","templated":true}]}}